{"id":1784,"date":"2015-06-21T14:52:10","date_gmt":"2015-06-21T13:52:10","guid":{"rendered":"http:\/\/bernardvillers.be\/?p=1784"},"modified":"2015-06-21T14:52:10","modified_gmt":"2015-06-21T13:52:10","slug":"le-grand-large","status":"publish","type":"post","link":"https:\/\/bernardvillers.be\/new\/le-grand-large\/","title":{"rendered":"Le Grand Large"},"content":{"rendered":"<p><img loading=\"lazy\" decoding=\"async\" src=\"https:\/\/bernardvillers.be\/new\/wp\/wp-content\/uploads\/2015\/06\/20150621_1040065-small-1200x801.jpg\" alt=\"20150621_1040065-small\" width=\"922\" height=\"615\" class=\"alignnone size-large wp-image-1785\" \/><\/p>\n<p><img loading=\"lazy\" decoding=\"async\" src=\"https:\/\/bernardvillers.be\/new\/wp\/wp-content\/uploads\/2015\/06\/20150621_1040081-small-1200x801.jpg\" alt=\"20150621_1040081-small\" width=\"922\" height=\"615\" class=\"alignnone size-large wp-image-1786\" \/><\/p>\n<p>Bernard Villers participe \u00e0 l&rsquo;exposition de drapeaux d&rsquo;artistes <a href=\"http:\/\/www.mons2015.eu\/fr\/le-grand-large-territoire-de-la-pens%C3%A9e\">\u00ab\u00a0Le Grand Large\u00a0\u00bb<\/a>, \u00e0 Mons, avec Boris Beaucarne, Jean-Marc Bustamante, Charley Case, Fran\u00e7ois Curlet, Edith Dekindt, Luc Deleu, Peter Downsbrough, Jot Fau, Benoit F\u00e9lix, Michel Fran\u00e7ois, Jacques Liz\u00e8ne, Emilio Lopez Menchero, Pieter Laurens Mol, Jean-Marie Mahieu, Benjamin Monti, Jean-Fran\u00e7ois Octave, Pol Pierart, Jean-Pierre Ransonnet, Jos\u00e9 Maria Sicilia, Walter Swennen, David Tremlett, Angel Vergara, Lawrence Weiner. 24 artistes ont \u00e9t\u00e9 convi\u00e9s pour la cr\u00e9ation d&rsquo;une \u00e9dition originale de drapeaux et de lithographies, en tirage limit\u00e9. Les drapeaux occuperont l&rsquo;espace public et l\u2019exposition au Magasin de papier pr\u00e9sentera l\u2019accrochage de l\u2019ensemble des estampes originales et les projets de drapeaux.<\/p>\n<p>Inauguration et double vernissage :<\/p>\n<p>Le samedi 20 juin de 15:00 \u00e0 17:00 \u00e0 la Galerie du Magasin de papier<br \/>\nRue de la Clef, 26 \u2013 7000 Mons<\/p>\n<p>18:00 s au Club House du Grand-Large<br \/>\nRue du Grand Large 2A \u2013 7000 Mons<\/p>\n<p>Exposition du 19\/06 au 27\/09\/2015:<\/p>\n<p>\u00c0 la Galerie le Magasin de Papier (lithographies)<br \/>\nSur le <a href=\"http:\/\/www.mons2015.eu\/fr\/le-grand-large-territoire-de-la-pens%C3%A9e\">site du Gand Large<\/a> et ville intra muros (Drapeaux).<\/p>\n","protected":false},"excerpt":{"rendered":"<p>Bernard Villers participe \u00e0 l&rsquo;exposition de drapeaux d&rsquo;artistes \u00ab\u00a0Le Grand Large\u00a0\u00bb \u00e0 Mons.<\/p>\n","protected":false},"author":1,"featured_media":0,"comment_status":"open","ping_status":"closed","sticky":false,"template":"","format":"standard","meta":{"_acf_changed":false,"_crdt_document":"","_jetpack_memberships_contains_paid_content":false,"footnotes":""},"categories":[4],"tags":[],"class_list":["post-1784","post","type-post","status-publish","format-standard","hentry","category-expositions"],"acf":[],"jetpack_featured_media_url":"","jetpack_sharing_enabled":true,"_links":{"self":[{"href":"https:\/\/bernardvillers.be\/new\/wp-json\/wp\/v2\/posts\/1784","targetHints":{"allow":["GET"]}}],"collection":[{"href":"https:\/\/bernardvillers.be\/new\/wp-json\/wp\/v2\/posts"}],"about":[{"href":"https:\/\/bernardvillers.be\/new\/wp-json\/wp\/v2\/types\/post"}],"author":[{"embeddable":true,"href":"https:\/\/bernardvillers.be\/new\/wp-json\/wp\/v2\/users\/1"}],"replies":[{"embeddable":true,"href":"https:\/\/bernardvillers.be\/new\/wp-json\/wp\/v2\/comments?post=1784"}],"version-history":[{"count":0,"href":"https:\/\/bernardvillers.be\/new\/wp-json\/wp\/v2\/posts\/1784\/revisions"}],"wp:attachment":[{"href":"https:\/\/bernardvillers.be\/new\/wp-json\/wp\/v2\/media?parent=1784"}],"wp:term":[{"taxonomy":"category","embeddable":true,"href":"https:\/\/bernardvillers.be\/new\/wp-json\/wp\/v2\/categories?post=1784"},{"taxonomy":"post_tag","embeddable":true,"href":"https:\/\/bernardvillers.be\/new\/wp-json\/wp\/v2\/tags?post=1784"}],"curies":[{"name":"wp","href":"https:\/\/api.w.org\/{rel}","templated":true}]}}