{"id":1872,"date":"2016-05-24T08:30:23","date_gmt":"2016-05-24T07:30:23","guid":{"rendered":"http:\/\/bernardvillers.be\/?p=1872"},"modified":"2016-05-24T08:30:23","modified_gmt":"2016-05-24T07:30:23","slug":"lenvers-lendroit","status":"publish","type":"post","link":"https:\/\/bernardvillers.be\/new\/lenvers-lendroit\/","title":{"rendered":"L\u2019envers, l\u2019endroit"},"content":{"rendered":"<p>Voici ce que je montre au Mus\u00e9e Juif, rue des Minimes \u00e0 Bruxelles le samedi 28 et le dimanche 29 mai de 10 \u00e0 17h. J&rsquo;y pr\u00e9sente 32 collages que j\u2019ai appel\u00e9 \u00ab L\u2019envers, l\u2019endroit \u00bb.<\/p>\n<p>Bienvenu. Bienvenue.<br \/>\nBernard Villers <\/p>\n<p><img loading=\"lazy\" decoding=\"async\" src=\"https:\/\/bernardvillers.be\/new\/wp\/wp-content\/uploads\/2016\/05\/EDITED-_DSC7376small-1200x800.jpg\" alt=\"EDITED-_DSC7376small\" width=\"922\" height=\"615\" class=\"alignnone size-large wp-image-1876\" \/><\/p>\n<p><img loading=\"lazy\" decoding=\"async\" src=\"https:\/\/bernardvillers.be\/new\/wp\/wp-content\/uploads\/2016\/05\/EDITED-_DSC7370small-1200x800.jpg\" alt=\"EDITED-_DSC7370small\" width=\"922\" height=\"615\" class=\"alignnone size-large wp-image-1875\" \/><\/p>\n<p><img loading=\"lazy\" decoding=\"async\" src=\"https:\/\/bernardvillers.be\/new\/wp\/wp-content\/uploads\/2016\/05\/EDITED-_DSC7379small-1200x800.jpg\" alt=\"EDITED-_DSC7379small\" width=\"922\" height=\"615\" class=\"alignnone size-large wp-image-1874\" \/><\/p>\n<p><img loading=\"lazy\" decoding=\"async\" src=\"https:\/\/bernardvillers.be\/new\/wp\/wp-content\/uploads\/2016\/05\/EDITED-_DSC7375small-1200x800.jpg\" alt=\"EDITED-_DSC7375small\" width=\"922\" height=\"615\" class=\"alignnone size-large wp-image-1873\" \/><\/p>\n","protected":false},"excerpt":{"rendered":"<p>Voici ce que je montre au Mus\u00e9e Juif, rue des Minimes \u00e0 Bruxelles le samedi 28 et le dimanche 29 mai de 10 \u00e0 17h. J&rsquo;y pr\u00e9sente 32 collages que j\u2019ai appel\u00e9 \u00ab L\u2019envers, l\u2019endroit \u00bb. Bienvenu. Bienvenue. Bernard Villers<\/p>\n","protected":false},"author":1,"featured_media":1873,"comment_status":"open","ping_status":"closed","sticky":false,"template":"","format":"standard","meta":{"_acf_changed":false,"_crdt_document":"","_jetpack_memberships_contains_paid_content":false,"footnotes":""},"categories":[4],"tags":[],"class_list":["post-1872","post","type-post","status-publish","format-standard","has-post-thumbnail","hentry","category-expositions"],"acf":[],"jetpack_featured_media_url":"","jetpack_sharing_enabled":true,"_links":{"self":[{"href":"https:\/\/bernardvillers.be\/new\/wp-json\/wp\/v2\/posts\/1872","targetHints":{"allow":["GET"]}}],"collection":[{"href":"https:\/\/bernardvillers.be\/new\/wp-json\/wp\/v2\/posts"}],"about":[{"href":"https:\/\/bernardvillers.be\/new\/wp-json\/wp\/v2\/types\/post"}],"author":[{"embeddable":true,"href":"https:\/\/bernardvillers.be\/new\/wp-json\/wp\/v2\/users\/1"}],"replies":[{"embeddable":true,"href":"https:\/\/bernardvillers.be\/new\/wp-json\/wp\/v2\/comments?post=1872"}],"version-history":[{"count":0,"href":"https:\/\/bernardvillers.be\/new\/wp-json\/wp\/v2\/posts\/1872\/revisions"}],"wp:featuredmedia":[{"embeddable":true,"href":"https:\/\/bernardvillers.be\/new\/wp-json\/"}],"wp:attachment":[{"href":"https:\/\/bernardvillers.be\/new\/wp-json\/wp\/v2\/media?parent=1872"}],"wp:term":[{"taxonomy":"category","embeddable":true,"href":"https:\/\/bernardvillers.be\/new\/wp-json\/wp\/v2\/categories?post=1872"},{"taxonomy":"post_tag","embeddable":true,"href":"https:\/\/bernardvillers.be\/new\/wp-json\/wp\/v2\/tags?post=1872"}],"curies":[{"name":"wp","href":"https:\/\/api.w.org\/{rel}","templated":true}]}}